{"id":2129,"date":"2026-04-28T14:16:56","date_gmt":"2026-04-28T17:16:56","guid":{"rendered":"https:\/\/www.arajarapark.com.br\/blog\/?p=2129"},"modified":"2026-04-29T08:54:42","modified_gmt":"2026-04-29T11:54:42","slug":"o-presente-perfeito-para-o-mes-das-maes-esta-aqui","status":"publish","type":"post","link":"https:\/\/www.arajarapark.com.br\/blog\/o-presente-perfeito-para-o-mes-das-maes-esta-aqui\/","title":{"rendered":"O Presente Perfeito para o M\u00eas das M\u00e3es Est\u00e1 Aqui!"},"content":{"rendered":"\n<p class=\"wp-block-paragraph\"><strong>Confira a programa\u00e7\u00e3o de maio \/26 no Arajara Park<\/strong><\/p>\n\n\n\n<p class=\"wp-block-paragraph\">Maio \u00e9 o m\u00eas dedicado a <strong>celebrar quem deixa a vida mais bonita, leve e cheia de amor, as m\u00e3es!<\/strong> S\u00e3o elas que, com carinho, cuidado e dedica\u00e7\u00e3o, transformam os dias mais simples em lembran\u00e7as inesquec\u00edveis. E n\u00f3s preparamos uma <strong>programa\u00e7\u00e3o muito mais do que especial para comemorar quem voc\u00ea mais ama!<\/strong>Nada melhor do que presentear sua m\u00e3e com <strong>tempo de qualidade e divers\u00e3o<\/strong> . Aqui, alegria e afeto caminham juntos! Em meio \u00e0 natureza, aventura e muitos sorrisos, o parque se torna o lugar perfeito para viver dias leves, felizes e cheios de conex\u00e3o com quem realmente importa.<\/p>\n\n\n\n<h4 class=\"wp-block-heading\"><strong>Presentear com experi\u00eancias fica mais especial!!<\/strong><\/h4>\n\n\n\n<p class=\"wp-block-paragraph\">Aqui \u00e9 o lugar feito para criar mem\u00f3rias especiais, onde cada detalhe foi pensado para fortalecer la\u00e7os e proporcionar momentos inesquec\u00edveis. Entre lazer, descanso e atra\u00e7\u00f5es imperd\u00edveis, <strong>cada cantinho convida m\u00e3es, filhos e toda a fam\u00edlia a aproveitarem juntos experi\u00eancias \u00fanicas com muita divers\u00e3o.<\/strong> Mais do que um simples passeio, um dia inteiro para sair da rotina e transformar um momento em uma lembran\u00e7a para toda a vida. Afinal, o melhor presente est\u00e1 justamente nos momentos compartilhados, principalmente quando se trata de homenagear aquela que sempre esteve presente, sua m\u00e3e.<\/p>\n\n\n\n<div style=\"height:48px\" aria-hidden=\"true\" class=\"wp-block-spacer\"><\/div>\n\n\n\n<div class=\"wp-block-buttons is-content-justification-center is-layout-flex wp-container-core-buttons-is-layout-fe48e5de wp-block-buttons-is-layout-flex\">\n<div class=\"wp-block-button is-style-outline is-style-outline--1\"><a class=\"wp-block-button__link has-base-3-color has-text-color has-background has-link-color wp-element-button\" href=\"https:\/\/loja.multiclubes.com.br\/arajara\/ingressos\/ingressoantecipado?utm_source=site&amp;utm_medium=popup&amp;utm_campaign=mes_mulher&amp;utm_content=preco_especial&amp;_gl=1*1hwthac*_gcl_aw*R0NMLjE3NzY4NjI5MzMuQ2p3S0NBanc0NkhQQmhBTUVpd0FTWnBMUk9lNG5HNS1SaTJfaVZoTjBxczhIRkotZ1A3ZU1SUjVMLXV6VmQyTTR6dC0xQlNZQlJfbXFSb0MxNEFRQXZEX0J3RQ..*_gcl_au*NjMwOTY2NTY0LjE3NzcwMzgxNzA.*_ga*MTc4NDc5NjUxLjE3NDU1Mzg0NTU.*_ga_DH5DXP3XBW*czE3NzczOTM5NjQkbzI2NSRnMSR0MTc3NzM5NDQwNCRqNTkkbDAkaDI1NjQ3MTg0NA..\" style=\"background-color:#ff00ae\" target=\"_blank\" rel=\"noopener\">Garanta J\u00e1 o seu ingresso<\/a><\/div>\n<\/div>\n\n\n\n<div style=\"height:29px\" aria-hidden=\"true\" class=\"wp-block-spacer\"><\/div>\n\n\n\n<h4 class=\"wp-block-heading\"><strong>Sua m\u00e3e merece aproveitar a divers\u00e3o de toda natureza!<\/strong><\/h4>\n\n\n\n<div class=\"wp-block-media-text is-stacked-on-mobile\" style=\"grid-template-columns:27% auto\"><figure class=\"wp-block-media-text__media\"><img loading=\"lazy\" decoding=\"async\" width=\"917\" height=\"904\" src=\"https:\/\/www.arajarapark.com.br\/blog\/wp-content\/uploads\/2026\/04\/Logo-e-grafismos_Selo-da-promocao-2.png\" alt=\"\" class=\"wp-image-2130 size-full\" srcset=\"https:\/\/www.arajarapark.com.br\/blog\/wp-content\/uploads\/2026\/04\/Logo-e-grafismos_Selo-da-promocao-2.png 917w, https:\/\/www.arajarapark.com.br\/blog\/wp-content\/uploads\/2026\/04\/Logo-e-grafismos_Selo-da-promocao-2-300x296.png 300w, https:\/\/www.arajarapark.com.br\/blog\/wp-content\/uploads\/2026\/04\/Logo-e-grafismos_Selo-da-promocao-2-768x757.png 768w\" sizes=\"auto, (max-width: 917px) 100vw, 917px\" \/><\/figure><div class=\"wp-block-media-text__content\">\n<p class=\"wp-block-paragraph\">E para tornar o M\u00eas das M\u00e3es ainda mais especial, preparamos uma promo\u00e7\u00e3o imperd\u00edvel! <strong>S\u00e3o 3 ingressos por apenas R$89,70<\/strong>, com compra antecipada exclusiva pelo site oficial. \u00c9 a oportunidade perfeita para presentear sua m\u00e3e&nbsp; com alegria, descanso e felicidade em fam\u00edlia<\/p>\n<\/div><\/div>\n\n\n\n<p class=\"has-text-align-center wp-block-paragraph\">Garanta agora sua compra antecipada e venha viver um dia ainda mais especial.<\/p>\n\n\n\n<div style=\"height:50px\" aria-hidden=\"true\" class=\"wp-block-spacer\"><\/div>\n\n\n\n<div class=\"wp-block-buttons is-content-justification-center is-layout-flex wp-container-core-buttons-is-layout-fe48e5de wp-block-buttons-is-layout-flex\">\n<div class=\"wp-block-button is-style-outline is-style-outline--2\"><a class=\"wp-block-button__link has-base-3-color has-text-color has-background has-link-color has-text-align-center wp-element-button\" href=\"http:\/\/loja.multiclubes.com.br\/arajara\/ingressos\/ingressoantecipado?utm_source=site&amp;utm_medium=popup&amp;utm_campaign=mes_mulher&amp;utm_content=preco_especial&amp;_gl=1*1hwthac*_gcl_aw*R0NMLjE3NzY4NjI5MzMuQ2p3S0NBanc0NkhQQmhBTUVpd0FTWnBMUk9lNG5HNS1SaTJfaVZoTjBxczhIRkotZ1A3ZU1SUjVMLXV6VmQyTTR6dC0xQlNZQlJfbXFSb0MxNEFRQXZEX0J3RQ..*_gcl_au*NjMwOTY2NTY0LjE3NzcwMzgxNzA.*_ga*MTc4NDc5NjUxLjE3NDU1Mzg0NTU.*_ga_DH5DXP3XBW*czE3NzczOTM5NjQkbzI2NSRnMSR0MTc3NzM5NDQwNCRqNTkkbDAkaDI1NjQ3MTg0NA..\" style=\"background-color:#f0009c\" target=\"_blank\" rel=\"noopener\">Garanta j\u00e1 o seu ingresso<\/a><\/div>\n<\/div>\n\n\n\n<div style=\"height:27px\" aria-hidden=\"true\" class=\"wp-block-spacer\"><\/div>\n\n\n\n<h4 class=\"wp-block-heading\"><strong>Confira a programa\u00e7\u00e3o completa de Maio\/26 no Arajara Park<\/strong><\/h4>\n\n\n\n<figure class=\"wp-block-image size-full\"><img decoding=\"async\" src=\"https:\/\/www.arajarapark.com.br\/blog\/wp-content\/uploads\/2026\/04\/Logo-e-grafismos_Rodape-de-arabescos-2-1.png\" alt=\"\" class=\"wp-image-2136\"\/><\/figure>\n\n\n\n<figure class=\"wp-block-image size-full\"><img loading=\"lazy\" decoding=\"async\" width=\"1037\" height=\"1081\" src=\"https:\/\/www.arajarapark.com.br\/blog\/wp-content\/uploads\/2026\/04\/5-MAIO-2026-1.png\" alt=\"\" class=\"wp-image-2131\" srcset=\"https:\/\/www.arajarapark.com.br\/blog\/wp-content\/uploads\/2026\/04\/5-MAIO-2026-1.png 1037w, https:\/\/www.arajarapark.com.br\/blog\/wp-content\/uploads\/2026\/04\/5-MAIO-2026-1-288x300.png 288w, https:\/\/www.arajarapark.com.br\/blog\/wp-content\/uploads\/2026\/04\/5-MAIO-2026-1-767x800.png 767w, https:\/\/www.arajarapark.com.br\/blog\/wp-content\/uploads\/2026\/04\/5-MAIO-2026-1-982x1024.png 982w\" sizes=\"auto, (max-width: 1037px) 100vw, 1037px\" \/><\/figure>\n\n\n\n<figure class=\"wp-block-image size-full\"><img decoding=\"async\" src=\"https:\/\/www.arajarapark.com.br\/blog\/wp-content\/uploads\/2026\/04\/Logo-e-grafismos_Rodape-de-arabescos-2-2.png\" alt=\"\" class=\"wp-image-2137\"\/><\/figure>\n\n\n\n<div style=\"height:37px\" aria-hidden=\"true\" class=\"wp-block-spacer\"><\/div>\n\n\n\n<p class=\"wp-block-paragraph\"><strong><mark style=\"background-color:#f0009c\" class=\"has-inline-color has-base-3-color\">01\/05 \u2013 Sexta-feira<\/mark><\/strong><\/p>\n\n\n\n<p class=\"wp-block-paragraph\">&nbsp;10h: Oficina Geoss\u00edtio \u2013 Monte seu Dino (Origami)<\/p>\n\n\n\n<p class=\"wp-block-paragraph\">11h: Dino \u2013 Recrea\u00e7\u00e3o com a Turma do Liliu<\/p>\n\n\n\n<p class=\"wp-block-paragraph\"><strong><mark style=\"background-color:#f0009c\" class=\"has-inline-color has-base-3-color\">02\/05 \u2013 S\u00e1bado<\/mark><\/strong><\/p>\n\n\n\n<p class=\"wp-block-paragraph\">10h: Oficina Geoss\u00edtio \u2013 Monte seu Dino (Origami)<\/p>\n\n\n\n<p class=\"wp-block-paragraph\">&nbsp;11h: Dino \u2013 Recrea\u00e7\u00e3o com a Turma do Liliu<\/p>\n\n\n\n<p class=\"wp-block-paragraph\"><strong><mark style=\"background-color:#f0009c\" class=\"has-inline-color has-base-3-color\">03\/05 \u2013 Domingo<\/mark><\/strong><\/p>\n\n\n\n<p class=\"wp-block-paragraph\">&nbsp;10h: Oficina Geoss\u00edtio \u2013 Monte seu Dino (Origami)<\/p>\n\n\n\n<p class=\"wp-block-paragraph\">&nbsp;11h: Dino \u2013 Stitch e Angel<\/p>\n\n\n\n<p class=\"wp-block-paragraph\">&nbsp;12h: Dino \u2013 Recrea\u00e7\u00e3o com a Turma do Liliu<\/p>\n\n\n\n<p class=\"wp-block-paragraph\">&nbsp;13h: Ilha \u2013 Grupo 1 Pretexto<\/p>\n\n\n\n<p class=\"wp-block-paragraph\">&nbsp;14h: Dino \u2013 AquaDance com Solano<strong>&nbsp;<\/strong><\/p>\n\n\n\n<p class=\"wp-block-paragraph\"><strong><mark style=\"background-color:#f0009c\" class=\"has-inline-color has-base-3-color\">09\/05 \u2013 S\u00e1bado<\/mark><\/strong><\/p>\n\n\n\n<p class=\"wp-block-paragraph\">&nbsp;10h: Oficina Geoss\u00edtio \u2013 Plantio (Flores para a mam\u00e3e)<\/p>\n\n\n\n<p class=\"wp-block-paragraph\">&nbsp;11h: Dino \u2013 Recrea\u00e7\u00e3o com a Turma do Liliu<\/p>\n\n\n\n<p class=\"wp-block-paragraph\"><strong><mark style=\"background-color:#f0009c\" class=\"has-inline-color has-base-3-color\">10\/05 \u2013 Domingo<\/mark><\/strong><\/p>\n\n\n\n<p class=\"wp-block-paragraph\">&nbsp;10h: Oficina Geoss\u00edtio \u2013 Plantio (Flores para a mam\u00e3e)<\/p>\n\n\n\n<p class=\"wp-block-paragraph\">&nbsp;10h: Pausa da Mam\u00e3e \u2013 P\u00e9s leves &amp; tran\u00e7as perfeitas<\/p>\n\n\n\n<p class=\"wp-block-paragraph\">&nbsp;11h: Dino \u2013 Recrea\u00e7\u00e3o com a Turma do Liliu<\/p>\n\n\n\n<p class=\"wp-block-paragraph\">&nbsp;13h: Dino \u2013 Tardezinha com Resenha Delas<strong>&nbsp;<\/strong><\/p>\n\n\n\n<p class=\"wp-block-paragraph\"><strong><mark style=\"background-color:#f0009c\" class=\"has-inline-color has-base-3-color\">16\/05 \u2013 S\u00e1bado<\/mark><\/strong><\/p>\n\n\n\n<p class=\"wp-block-paragraph\">&nbsp;10h: Oficina Geoss\u00edtio \u2013 Escava\u00e7\u00e3o de F\u00f3sseis<\/p>\n\n\n\n<p class=\"wp-block-paragraph\">&nbsp;11h: Dino \u2013 Recrea\u00e7\u00e3o com a Turma do Liliu<\/p>\n\n\n\n<p class=\"wp-block-paragraph\"><strong><mark style=\"background-color:#f0009c\" class=\"has-inline-color has-base-3-color\">17\/05 \u2013 Domingo<\/mark><\/strong><\/p>\n\n\n\n<p class=\"wp-block-paragraph\">10h: Oficina Geoss\u00edtio \u2013 Escava\u00e7\u00e3o de F\u00f3sseis<\/p>\n\n\n\n<p class=\"wp-block-paragraph\">&nbsp;11h: Dino \u2013 Recrea\u00e7\u00e3o com a Turma do Liliu<\/p>\n\n\n\n<p class=\"wp-block-paragraph\">13h: Dino \u2013 Tardezinha com Carlinhos de Deus<strong>&nbsp;<\/strong><\/p>\n\n\n\n<p class=\"wp-block-paragraph\"><strong><mark style=\"background-color:#f0009c\" class=\"has-inline-color has-base-3-color\">23\/05 \u2013 S\u00e1bado<\/mark><\/strong><\/p>\n\n\n\n<p class=\"wp-block-paragraph\">10h: Oficina Geoss\u00edtio \u2013 Pintura Facial<\/p>\n\n\n\n<p class=\"wp-block-paragraph\">&nbsp;11h: Dino \u2013 Recrea\u00e7\u00e3o com a Turma do Liliu<\/p>\n\n\n\n<p class=\"wp-block-paragraph\"><strong><mark style=\"background-color:#f0009c\" class=\"has-inline-color has-base-3-color\">24\/05 \u2013 Domingo<\/mark><\/strong><\/p>\n\n\n\n<p class=\"wp-block-paragraph\">&nbsp;10h: Oficina Geoss\u00edtio \u2013 Pintura Facial<\/p>\n\n\n\n<p class=\"wp-block-paragraph\">&nbsp;11h: Dino \u2013 Recrea\u00e7\u00e3o com a Turma do Liliu<\/p>\n\n\n\n<p class=\"wp-block-paragraph\">13h: Dino \u2013 Tardezinha com Casa Bem<strong>&nbsp;<\/strong><\/p>\n\n\n\n<p class=\"wp-block-paragraph\"><strong><mark style=\"background-color:#f0009c\" class=\"has-inline-color has-base-3-color\">30\/05 \u2013 S\u00e1bado<\/mark><\/strong><\/p>\n\n\n\n<p class=\"wp-block-paragraph\">10h \u2013 Oficina Geoss\u00edtio: Pintura no Gesso<\/p>\n\n\n\n<p class=\"wp-block-paragraph\">&nbsp;11h \u2013 Dino: Recrea\u00e7\u00e3o com a Turma do Liliu<\/p>\n\n\n\n<p class=\"wp-block-paragraph\">&nbsp;13h \u2013 Dino: Tardezinha com Carlinhos de Deus<\/p>\n\n\n\n<p class=\"wp-block-paragraph\"><strong><mark style=\"background-color:#f0009c\" class=\"has-inline-color has-base-3-color\">31\/05 \u2013 Domingo<\/mark><\/strong><\/p>\n\n\n\n<p class=\"wp-block-paragraph\">&nbsp;10h \u2013 Oficina Geoss\u00edtio: Pintura no Gesso<\/p>\n\n\n\n<p class=\"wp-block-paragraph\">&nbsp;11h \u2013 Dino: Recrea\u00e7\u00e3o com a Turma do Liliu<\/p>\n","protected":false},"excerpt":{"rendered":"<p>Confira a programa\u00e7\u00e3o de maio \/26 no Arajara Park Maio \u00e9 o m\u00eas dedicado a celebrar quem deixa a vida mais bonita, leve e cheia de amor, as m\u00e3es! S\u00e3o elas que, com carinho, cuidado e dedica\u00e7\u00e3o, transformam os dias mais simples em lembran\u00e7as inesquec\u00edveis. E n\u00f3s preparamos uma programa\u00e7\u00e3o muito mais do que especial &#8230; <a title=\"O Presente Perfeito para o M\u00eas das M\u00e3es Est\u00e1 Aqui!\" class=\"read-more\" href=\"https:\/\/www.arajarapark.com.br\/blog\/o-presente-perfeito-para-o-mes-das-maes-esta-aqui\/\" aria-label=\"Read more about O Presente Perfeito para o M\u00eas das M\u00e3es Est\u00e1 Aqui!\">Ler mais<\/a><\/p>\n","protected":false},"author":2,"featured_media":2115,"comment_status":"closed","ping_status":"open","sticky":true,"template":"","format":"standard","meta":{"_crdt_document":"","footnotes":""},"categories":[16,199,198,6,1],"tags":[17,9,124,154],"class_list":["post-2129","post","type-post","status-publish","format-standard","has-post-thumbnail","hentry","category-institucional","category-divercao","category-mes-das-maes","category-novidade","category-sem-categoria","tag-arajara-park","tag-maio","tag-mes-das-maes","tag-novidades"],"_links":{"self":[{"href":"https:\/\/www.arajarapark.com.br\/blog\/wp-json\/wp\/v2\/posts\/2129","targetHints":{"allow":["GET"]}}],"collection":[{"href":"https:\/\/www.arajarapark.com.br\/blog\/wp-json\/wp\/v2\/posts"}],"about":[{"href":"https:\/\/www.arajarapark.com.br\/blog\/wp-json\/wp\/v2\/types\/post"}],"author":[{"embeddable":true,"href":"https:\/\/www.arajarapark.com.br\/blog\/wp-json\/wp\/v2\/users\/2"}],"replies":[{"embeddable":true,"href":"https:\/\/www.arajarapark.com.br\/blog\/wp-json\/wp\/v2\/comments?post=2129"}],"version-history":[{"count":6,"href":"https:\/\/www.arajarapark.com.br\/blog\/wp-json\/wp\/v2\/posts\/2129\/revisions"}],"predecessor-version":[{"id":2147,"href":"https:\/\/www.arajarapark.com.br\/blog\/wp-json\/wp\/v2\/posts\/2129\/revisions\/2147"}],"wp:featuredmedia":[{"embeddable":true,"href":"https:\/\/www.arajarapark.com.br\/blog\/wp-json\/wp\/v2\/media\/2115"}],"wp:attachment":[{"href":"https:\/\/www.arajarapark.com.br\/blog\/wp-json\/wp\/v2\/media?parent=2129"}],"wp:term":[{"taxonomy":"category","embeddable":true,"href":"https:\/\/www.arajarapark.com.br\/blog\/wp-json\/wp\/v2\/categories?post=2129"},{"taxonomy":"post_tag","embeddable":true,"href":"https:\/\/www.arajarapark.com.br\/blog\/wp-json\/wp\/v2\/tags?post=2129"}],"curies":[{"name":"wp","href":"https:\/\/api.w.org\/{rel}","templated":true}]}}